{"id":38,"date":"2023-08-01T14:10:13","date_gmt":"2023-08-01T18:10:13","guid":{"rendered":"https:\/\/esperanza.digital\/wp\/?p=38"},"modified":"2023-08-18T09:35:40","modified_gmt":"2023-08-18T13:35:40","slug":"se-me-acabo-el-tiempo","status":"publish","type":"post","link":"https:\/\/esperanza.digital\/wp\/blog\/2023\/08\/01\/se-me-acabo-el-tiempo\/","title":{"rendered":"SE ME ACAB\u00d3 EL TIEMPO"},"content":{"rendered":"<p style=\"text-align: justify;\">\u00a0\u00a0\u00a0\u00a0Me sent\u00ed francamente mal de salud y el m\u00e9dico, despu\u00e9s de una prueba de diagn\u00f3stico, me prescribi\u00f3 el tratamiento adecuado. Mejor\u00e9 algo los primeros d\u00edas, pero fueron apareciendo serias complicaciones en mi organismo y empec\u00e9 a decaer, sent\u00eda un gran cansancio. Reflexion\u00e9 seriamente sobre mi estado, tom\u00e9 conciencia de la gravedad de mi enfermedad y decid\u00ed reconciliarme sinceramente con el Se\u00f1or, con la Iglesia y con mi historia.<\/p>\n<p style=\"text-align: justify;\">&nbsp;&nbsp;&nbsp;&nbsp; Llam\u00e9, como cat\u00f3lico, a un sacerdote. Examine bien mi conciencia y con devoci\u00f3n rec\u00e9 con tranquilidad el acto de contrici\u00f3n perfecta: P\u00e9same, Dios m\u00edo, y me arrepiento de todo coraz\u00f3n de haberte ofendido. <em>P\u00e9same por el infierno que merec\u00ed y por el cielo que perd\u00ed. Pero mucho m\u00e1s me pesa porque pecando ofend\u00ed a un Dios tan bueno y tan grande como vos. Antes quisiera haber muerto que haberte ofendido. Propongo firmemente no pecar m\u00e1s, evitar todas las ocasiones pr\u00f3ximas de pecado y recurrir tan pronto sea posible a la confesi\u00f3n sacramental.<\/em><\/p>\n<p style=\"text-align: justify;\">&nbsp;&nbsp;&nbsp;&nbsp; Leg\u00f3 el sacerdote, me confes\u00e9 muy arrepentido y me absolvi\u00f3 diciendo: <em>Dios, Padre misericordioso, que reconcili\u00f3 consigo el mundo por la muerte y resurrecci\u00f3n de su Hijo y derram\u00f3 el Esp\u00edritu Santo para la remisi\u00f3n de los pecados, te conceda por el ministerio de la Iglesia el perd\u00f3n y la paz. Y yo te absuelvo de tus pecados en el nombre del Padre y del Hijo y del Esp\u00edritu Santo. Experimente, muy agradecido, una gran paz y la misericordia de Dios.<\/em><\/p>\n<p style=\"text-align: justify;\">&nbsp;&nbsp;&nbsp;&nbsp; El sacerdote tambi\u00e9n me otorg\u00f3 la bendici\u00f3n apost\u00f3lica (indulgencia plenaria): <em>Dios Todopoderoso, por la muerte y resurrecci\u00f3n de Cristo, te perdone todas las penas de esta vida y de la otra, te abra las puertas del para\u00edso y te lleve a los gozos eternos. Am\u00e9n<\/em>. En mi interior, mucha paz y esperanza, pronuncie una de las \u00faltimas frases del libro del Apocalipsis: <em>Marana Tha<\/em>(\u00a1Ven Se\u00f1or Jes\u00fas!). Acept\u00e9 que el tiempo de mi vida terrena acababa.<\/p>\n<p style=\"text-align: justify;\">&nbsp;&nbsp;&nbsp;&nbsp; Me administro el sacramento de la Unci\u00f3n de los enfermos. En silencio, impuso sus manos sobre mi cabeza y despu\u00e9s me ungi\u00f3 la frente y las manos con el santo \u00f3leo diciendo: <em>Por esta santa Unci\u00f3n y por su bondadosa misericordia, te ayude el Se\u00f1or con la gracia del Esp\u00edritu Santo. Respond\u00ed: Am\u00e9n Para que, libre de tus pecados, te conceda la salvaci\u00f3n y te conforte en tu enfermedad<\/em>. Respond\u00ed: Am\u00e9n. Me qued\u00e9 muy\u00a0reconfortado al haber recibido el perd\u00f3n de mis pecados y agradec\u00ed a Dios por su infinita misericordia. Estaba en paz con Dios.<\/p>\n<p style=\"text-align: justify;\">&nbsp;&nbsp;&nbsp;&nbsp; El sacerdote nos invit\u00f3 a orar juntos el padrenuestro, terminando el cual mostrando el Sant\u00edsimo Sacramento dijo: <em>Este es el cordero de Dios que quita el pecado del mundo. <\/em><em>\u00a1Dichosos los invitados a la cena del Se\u00f1or! <\/em>Los que est\u00e1bamos presente respondimos: Se\u00f1or, no soy digno de que entres en mi casa, pero una palabra tuya bastar\u00e1 para sanarme. El sacerdote dijo: <em>El Cuerpo de Cristo, y le respond\u00ed: <\/em>Am\u00e9n. Y comulgu\u00e9 con mucha devoci\u00f3n y gratitud.<\/p>\n<p style=\"text-align: justify;\"> &nbsp;&nbsp;&nbsp;&nbsp; Pasado alg\u00fan tiempo empeor\u00f3 mi salud, era consciente de mi pr\u00f3ximo encuentro con el Se\u00f1or, respiraba con mucha dificultad y poco a poco fui perdiendo la conciencia\u2026<\/p>\n<p style=\"text-align: center;\">\u00a0&#8212;&#8212;&#8212;&#8212;&#8212;&#8212;&#8212;&#8212;&#8212;&#8212;&#8212;&#8212;&#8212;&#8212;&#8212;&#8212;&#8212;&#8212;&#8212;&#8212;&#8212;&#8212;&#8212;&#8212;&#8212;&#8212;&#8212;&#8212;&#8212;&#8212;&#8212;&#8212;&#8212;&#8212;&#8212;&#8212;&#8212;&#8212;&#8212;&#8212;&#8211;<\/p>\n<p style=\"text-align: justify;\">&nbsp;&nbsp;&nbsp;&nbsp; Nosotros sus familiares y amigos nos entristecimos por su muerte, pero muy gozosos por la forma tan ejemplarmente cristiana que tuvo al ponerse d\u00f3cilmente en manos del Se\u00f1or.<br \/>\n\u00a1Bendito sea Dios por su bondad y su infinita y eterna misericordia!<\/p>\n<p>&nbsp;<\/p>\n<p>&nbsp;<\/p>\n","protected":false},"excerpt":{"rendered":"<p>\u00a0\u00a0\u00a0\u00a0Me sent\u00ed francamente mal de salud y el m\u00e9dico, despu\u00e9s de una prueba de diagn\u00f3stico, me prescribi\u00f3 el tratamiento adecuado. Mejor\u00e9 algo los primeros d\u00edas, pero fueron apareciendo serias complicaciones en mi organismo y empec\u00e9 a decaer, sent\u00eda un gran cansancio. Reflexion\u00e9 seriamente sobre mi estado, tom\u00e9 conciencia de la gravedad de mi enfermedad y decid\u00ed reconciliarme sinceramente con el [&hellip;]<\/p>\n","protected":false},"author":1,"featured_media":0,"comment_status":"open","ping_status":"open","sticky":false,"template":"","format":"standard","meta":{"footnotes":""},"categories":[1],"tags":[],"class_list":["post-38","post","type-post","status-publish","format-standard","hentry","category-fe-catolica"],"_links":{"self":[{"href":"https:\/\/esperanza.digital\/wp\/wp-json\/wp\/v2\/posts\/38","targetHints":{"allow":["GET"]}}],"collection":[{"href":"https:\/\/esperanza.digital\/wp\/wp-json\/wp\/v2\/posts"}],"about":[{"href":"https:\/\/esperanza.digital\/wp\/wp-json\/wp\/v2\/types\/post"}],"author":[{"embeddable":true,"href":"https:\/\/esperanza.digital\/wp\/wp-json\/wp\/v2\/users\/1"}],"replies":[{"embeddable":true,"href":"https:\/\/esperanza.digital\/wp\/wp-json\/wp\/v2\/comments?post=38"}],"version-history":[{"count":4,"href":"https:\/\/esperanza.digital\/wp\/wp-json\/wp\/v2\/posts\/38\/revisions"}],"predecessor-version":[{"id":73,"href":"https:\/\/esperanza.digital\/wp\/wp-json\/wp\/v2\/posts\/38\/revisions\/73"}],"wp:attachment":[{"href":"https:\/\/esperanza.digital\/wp\/wp-json\/wp\/v2\/media?parent=38"}],"wp:term":[{"taxonomy":"category","embeddable":true,"href":"https:\/\/esperanza.digital\/wp\/wp-json\/wp\/v2\/categories?post=38"},{"taxonomy":"post_tag","embeddable":true,"href":"https:\/\/esperanza.digital\/wp\/wp-json\/wp\/v2\/tags?post=38"}],"curies":[{"name":"wp","href":"https:\/\/api.w.org\/{rel}","templated":true}]}}